{"id":1563,"date":"2019-03-03T13:13:14","date_gmt":"2019-03-03T11:13:14","guid":{"rendered":"http:\/\/rrotulluesi-dardan.ch\/cms\/?p=1563"},"modified":"2019-03-03T15:48:48","modified_gmt":"2019-03-03T13:48:48","slug":"darka-e-punes-darka-solemne-per-vitin-2018","status":"publish","type":"post","link":"http:\/\/rrotulluesi-dardan.ch\/cms\/?p=1563","title":{"rendered":"Darka e Pun\u00ebs \/ Darka Solemne p\u00ebr Vitin 2018."},"content":{"rendered":"<p>T\u00eb nderuar Miq,<\/p>\n<p><span style=\"color: #1d2129;\">t\u00eb Shtun\u00ebn me <strong>23.02.2019<\/strong> Kryesia e Shoqat\u00ebs ton\u00eb Dardania organizoi Dark\u00ebn e Pun\u00ebs \/ Dark\u00ebn Solemne p\u00ebr Vitin 2018. <\/span><\/p>\n<p><span style=\"color: #1d2129;\">N\u00eb k\u00ebt\u00eb Evenement Madh\u00ebshtor Kryetari dhe Kryesia prezentuan Raportin e Pun\u00ebs p\u00ebr Vitin 2018. &#8211; Kryetari i Shoqat\u00ebs raportoi mbi Kualitetin &amp; Suksesin shum\u00eb t\u00eb mir\u00eb n\u00eb Organizimin Garave n\u00eb Vitin 2018 nj\u00ebheri<\/span><span class=\"text_exposed_show\" style=\"color: #1d2129;\">t Kryesia e Shoqat\u00ebs shp\u00ebrbleu antar\u00ebt m\u00eb t\u00eb suksessh\u00ebm p\u00ebr Vitin 2018. <\/span><\/p>\n<p><span class=\"text_exposed_show\" style=\"color: #1d2129;\">&#8211; Kryetari i Shoqat\u00ebs raportoi p\u00ebr Aktivitet, Pjes\u00ebmarrjen dhe Angazhimin Kryesis\u00eb s\u00eb Shoqat\u00ebs ton\u00eb n\u00eb Tubimet e Pun\u00ebs\/Zgjedhjeve n\u00eb Kuvendin e Federat\u00ebs Nacionale Zvic\u00ebrane t\u00eb P\u00ebllumbave dhe nj\u00ebkoh\u00ebsisht\u00eb njoftoj\u00eb p\u00ebr Agjend\u00ebn dhe Planet p\u00ebr Vitin 2019 n\u00eb kuad\u00ebr t\u00eb Federat\u00ebs Nacionale Zvic\u00ebrane t\u00eb P\u00ebllumbave.<\/span><\/p>\n<p><span class=\"text_exposed_show\" style=\"color: #1d2129;\"> &#8211; Kryetari i Shoqat\u00ebs raportoi p\u00ebr Pjes\u00ebmarrjen; P\u00ebrfaqsimin &amp; Ekspozimin e P\u00ebllumbave t\u00eb Kosov\u00ebs n\u00eb Ekspozit\u00ebn e 97 Nacionale Zvic\u00ebrane n\u00eb Giubisco n\u00eb Kantonin e Tisin\u00ebs. &#8211; Arkatari i Shoqat\u00ebs prezentoi Raportin Buxhetor p\u00ebr Vitin 2018.<\/span><\/p>\n<p><span class=\"text_exposed_show\" style=\"color: #1d2129;\"> &#8211; Kryetari i Shoqat\u00ebs p\u00ebrg\u00ebzoi dhe ju uroj mir\u00ebseardhje 6 antar\u00ebve t\u00eb Rinj\u00eb n\u00eb Shoqat\u00ebn Dardania. &#8211; Nga antar\u00ebt e Shotqat\u00ebs u zgjodh\u00eb Kryetari dhe Kryesia e Shoqat\u00ebs e Shoqat\u00ebs p\u00ebr Vitin 2019.<\/span><\/p>\n<p><span class=\"text_exposed_show\" style=\"color: #1d2129;\"> T\u00eb nderuar Miq\u00eb ju njoftojm\u00eb se k\u00ebsaj radhe Kryesia e Shoqat\u00ebs Dardania p\u00ebr her\u00eb t\u00eb par\u00eb shp\u00ebrbleu jo vet\u00ebm Garuesin m\u00eb t\u00eb mir\u00eb mir\u00ebpo edhe vet\u00eb P\u00ebllumbin m\u00eb t\u00eb suksessh\u00ebm t\u00eb Vitit me nj\u00eb Unaz\u00eb t\u00eb Arit me mbishkrimin : <strong>P\u00ebllumbi Kampion p\u00ebr Vitin 2018<\/strong><\/span><\/p>\n<p>Kryesia e re p\u00ebr vitin 2019 p\u00ebrb\u00ebhet nga k\u00ebta an\u00ebtar:<\/p>\n<p><strong>Musa Zuzaku<\/strong>&#8211; Kryetar<\/p>\n<p><strong>Naser Saiti<\/strong>&#8211; N\u00ebnkryetar<\/p>\n<p><strong>Ardijan Berisha<\/strong>&#8211; Sekretar<\/p>\n<p><strong>Simon Komani<\/strong>&#8211; Arkatar<\/p>\n<p><strong>Sinisha Naskovic<\/strong>&#8211; Koordinator<\/p>\n<p>&nbsp;<\/p>\n<p>&nbsp;<\/p>\n<p>&nbsp;<\/p>\n<p>&nbsp;<\/p>\n","protected":false},"excerpt":{"rendered":"<p>T\u00eb nderuar Miq, t\u00eb Shtun\u00ebn me 23.02.2019 Kryesia e Shoqat\u00ebs ton\u00eb Dardania organizoi Dark\u00ebn e Pun\u00ebs \/ Dark\u00ebn Solemne p\u00ebr Vitin 2018. N\u00eb k\u00ebt\u00eb Evenement Madh\u00ebshtor Kryetari dhe Kryesia prezentuan Raportin e Pun\u00ebs p\u00ebr Vitin 2018. &#8211; Kryetari i Shoqat\u00ebs raportoi mbi Kualitetin &amp; Suksesin shum\u00eb t\u00eb mir\u00eb n\u00eb Organizimin Garave n\u00eb Vitin 2018 nj\u00ebherit [&hellip;]<\/p>","protected":false},"author":3,"featured_media":0,"comment_status":"closed","ping_status":"open","sticky":false,"template":"","format":"standard","meta":[],"categories":[25],"tags":[],"_links":{"self":[{"href":"http:\/\/rrotulluesi-dardan.ch\/cms\/index.php?rest_route=\/wp\/v2\/posts\/1563"}],"collection":[{"href":"http:\/\/rrotulluesi-dardan.ch\/cms\/index.php?rest_route=\/wp\/v2\/posts"}],"about":[{"href":"http:\/\/rrotulluesi-dardan.ch\/cms\/index.php?rest_route=\/wp\/v2\/types\/post"}],"author":[{"embeddable":true,"href":"http:\/\/rrotulluesi-dardan.ch\/cms\/index.php?rest_route=\/wp\/v2\/users\/3"}],"replies":[{"embeddable":true,"href":"http:\/\/rrotulluesi-dardan.ch\/cms\/index.php?rest_route=%2Fwp%2Fv2%2Fcomments&post=1563"}],"version-history":[{"count":4,"href":"http:\/\/rrotulluesi-dardan.ch\/cms\/index.php?rest_route=\/wp\/v2\/posts\/1563\/revisions"}],"predecessor-version":[{"id":1574,"href":"http:\/\/rrotulluesi-dardan.ch\/cms\/index.php?rest_route=\/wp\/v2\/posts\/1563\/revisions\/1574"}],"wp:attachment":[{"href":"http:\/\/rrotulluesi-dardan.ch\/cms\/index.php?rest_route=%2Fwp%2Fv2%2Fmedia&parent=1563"}],"wp:term":[{"taxonomy":"category","embeddable":true,"href":"http:\/\/rrotulluesi-dardan.ch\/cms\/index.php?rest_route=%2Fwp%2Fv2%2Fcategories&post=1563"},{"taxonomy":"post_tag","embeddable":true,"href":"http:\/\/rrotulluesi-dardan.ch\/cms\/index.php?rest_route=%2Fwp%2Fv2%2Ftags&post=1563"}],"curies":[{"name":"wp","href":"https:\/\/api.w.org\/{rel}","templated":true}]}}